{"id":3842,"date":"2020-07-09T13:49:43","date_gmt":"2020-07-09T12:49:43","guid":{"rendered":"https:\/\/aa29.it\/?p=3842"},"modified":"2022-01-14T13:30:15","modified_gmt":"2022-01-14T13:30:15","slug":"frammenti-di-memorie","status":"publish","type":"post","link":"https:\/\/aa29.it\/progetti\/frammenti-di-memorie\/","title":{"rendered":"Frammenti di memorie"},"content":{"rendered":"<p>[vc_row row_type=&#8221;row&#8221; use_row_as_full_screen_section=&#8221;no&#8221; type=&#8221;full_width&#8221; text_align=&#8221;left&#8221; background_animation=&#8221;none&#8221; css_animation=&#8221;&#8221;][vc_column][vc_single_image image=&#8221;3826&#8243; img_size=&#8221;full&#8221; qode_css_animation=&#8221;&#8221;][\/vc_column][\/vc_row][vc_row row_type=&#8221;row&#8221; use_row_as_full_screen_section=&#8221;no&#8221; type=&#8221;full_width&#8221; text_align=&#8221;left&#8221; background_animation=&#8221;none&#8221; css_animation=&#8221;&#8221; css=&#8221;.vc_custom_1573153216710{margin-top: 45px !important;}&#8221;][vc_column][vc_column_text]Frammenti di memorie[\/vc_column_text][vc_row_inner row_type=&#8221;row&#8221; type=&#8221;full_width&#8221; use_row_as_full_screen_section_slide=&#8221;no&#8221; text_align=&#8221;left&#8221; css_animation=&#8221;&#8221; css=&#8221;.vc_custom_1573153222852{margin-top: 25px !important;}&#8221;][vc_column_inner width=&#8221;1\/4&#8243;][vc_column_text]<\/p>\n<h5>Raffaele Santillo<\/h5>\n<p>Residenza artistica:<br \/>\n<b>10 &#8211; 19 Luglio 2020<\/b><br \/>\n<strong>aA29 Art Project di\u00a0Caserta\u00a0<\/strong><\/p>\n<p>&nbsp;<\/p>\n<p>Mostra a cura di <strong>Daniele Capra\u00a0<\/strong><\/p>\n<p><strong>10 ottobre \u2013 14 novembre 2020<\/strong><\/p>\n<p>Vernissage<strong> sabato 10 ottobre ore 18<\/strong>[\/vc_column_text][vc_empty_space][vc_column_text]<a href=\"\/aa29\/progetti\" target=\"_self\" data-hover-background-color='#121212' data-hover-border-color='#121212' data-hover-color='#ffffff' class=\"qbutton  small move_icon qbutton_with_icon\" style=\"color: #121212; border-color: #121212; background-color: #ffffff;\">Torna a progetti<i class=\"qode_icon_font_awesome fa fa-chevron-left button_icon\" style=\"\" ><\/i><\/a>[\/vc_column_text][\/vc_column_inner][vc_column_inner width=&#8221;3\/4&#8243;][vc_column_text]aA29 Art Project \u00e8 lieta di ospitare <b><i>Frammenti di memorie<\/i><\/b>, progetto di <b>Raffaele Santillo<\/b> a cura di Daniele Capra, costituito da una residenza presso la galleria cui far\u00e0 seguito una mostra in autunno con i lavori originati da questa esperienza. <i>Frammenti di memorie<\/i> \u00e8 un\u2019indagine di Santillo nei propri luoghi d\u2019origine attraverso i ricordi degli abitanti di Caserta, che sono invitati a contribuire alla ricerca con un episodio personale del proprio passato, con una vecchia fotografia di famiglia o uno spezzone di video realizzati nel contesto cittadino. L\u2019artista trasformer\u00e0 infatti la galleria nel proprio studio e sar\u00e0 a disposizione del pubblico per raccogliere immagini, memorie, piccole storie individuali, concordando un incontro per mail (info@aa29.it) o per telefono (329 8589624). La mostra conclusiva di ottobre raccoglier\u00e0 cos\u00ec gli esiti di tale confronto, che saranno condensati in pittura su tela e su carta, in disegno e sotto forma di libri d\u2019artista.<\/p>\n<p><i>Frammenti di memorie<\/i> \u00e8 un racconto a pi\u00f9 mani che nasce dall\u2019esigenza di un confronto emotivo da parte dell\u2019artista coi luoghi della propria infanzia e dell\u2019adolescenza, prima del trasferimento al nord (Santillo \u00e8 nato a S. Maria Capua Vetere). Sono posti in cui l\u2019artista \u00e8 cresciuto, ha studiato, lavorato, sofferto e gioito, luoghi la cui presenza rimane addosso, e che silenziosamente, ma in modo incessante, agiscono nella memoria. Il progetto \u00e8 centrato sulla nostalgia e sulla necessit\u00e0 di confronto con la propria origine, sull\u2019ineludibile bisogno di ricomporre la memoria con il proprio presente, nell\u2019attesa di un ritorno che non pu\u00f2 essere che provvisorio.<\/p>\n<p>In tale processo l\u2019artista chiede ai cittadini del casertano di collaborare con un proprio ricordo, con una foto dimenticata in qualche album polveroso, in un confronto a partire proprio dai luoghi, dalle abitudini, da esperienze simili. Le immagini e i ricordi che verranno scansionati, o registrati, saranno alla base di un lavoro pittorico successivo in cui le figure, i luoghi, le situazioni trasfigureranno in (di)segno e in materia cromatica. I soggetti scelti dall\u2019artista smarriranno cos\u00ec la propria precisa identit\u00e0, la caratterizzazione individuale, i dettagli fisiognomici, per assurgere a qualcosa di diverso e pi\u00f9 ampio, una sorta di inconsapevole e indefinito vissuto immateriale. Sar\u00e0 questo un modo per condividere la malinconia del <i>nostos<\/i>, misurandosi sul passato in forma collettiva, come in un rito svolto assieme agli altri, per diventare parte di un album di famiglia evocativo, allargato ed estensivo.<span class=\"Apple-converted-space\">\u00a0<\/span><\/p>\n<p>&nbsp;<\/p>\n<p>&nbsp;<\/p>\n<p><b>Raffaele Santillo<\/b> (S. Maria Capua Vetere, 1966) ha frequentato l\u2019Istituto Statale d\u2019Arte di S. Leucio ed il corso di laurea in Architettura presso l\u2019Universit\u00e0 degli Studi Federico II di Napoli. La sua pratica pittorica si sviluppa a partire dalla memoria, da immagini e situazioni del passato. I suoi lavori, innervati da un segno pittorico sintetico e pregnante, sono caratterizzati da una figurazione appena accennata e dalla presenza di un colore liquido, capace di delineare situazioni inattese e misteriose, con atmosfere di particolare carica emotiva. Vive e lavora a Pordenone.<\/p>\n<p>Tra le mostre personali: nel 2018 <i>Pitture in attesa<\/i>, a cura di Daniele Capra, Generali Italia, Pordenone; nel 2017 <i>L&#8217;abitudine di tornare<\/i>, a cura di Eva Comuzzi, Palazzo D&#8217;Attimis, Maniago (Pn); nel 2016 <i>Interferenze<\/i>, a cura di Michele Tajariol, Galleria Talenti, Portobuffol\u00e8 (Tv), <i>L&#8217;estate del davanzale<\/i>, a cura di Paola Bristot, Biblioteca Civica, Pordenone, <i>Al fine lo spirito fa quello che vuole<\/i>, Associazione Culturale Prologo, Gorizia; nel 2015 <i>Silenzioso<\/i>, Galleria PAB, Punto Arte Benandanti, Portogruaro (Ve); nel 2014 <i>Madre dell&#8217;Aurora<\/i>, a cura di Chiara Tavella, Centro Culturale Aldo Moro, Cordenons (Pn),<i> Dello scegliere e altri inganni<\/i>, a cura di Alessandra Santin, Associazione Culturale Ubik Art,<i> <\/i>Pordenone. Tra le collettive nel 2018 <i>Fabula-Enigmi<\/i>, a cura di Giorgio Baldo e Stefano Cecchetto, Museo del Paesaggio, Torre di Mosto (Ve).[\/vc_column_text][\/vc_column_inner][\/vc_row_inner][\/vc_column][\/vc_row]<\/p>\n","protected":false},"excerpt":{"rendered":"<p>Raffaele Santillo <\/p>\n","protected":false},"author":10,"featured_media":6332,"comment_status":"closed","ping_status":"closed","sticky":false,"template":"","format":"standard","meta":{"inline_featured_image":false,"footnotes":"","_links_to":"","_links_to_target":""},"categories":[4],"tags":[],"class_list":["post-3842","post","type-post","status-publish","format-standard","has-post-thumbnail","hentry","category-progetti"],"publishpress_future_action":{"enabled":false,"date":"2026-05-06 22:40:08","action":"change-status","newStatus":"draft","terms":[],"taxonomy":"category","extraData":[]},"publishpress_future_workflow_manual_trigger":{"enabledWorkflows":[]},"_links":{"self":[{"href":"https:\/\/aa29.it\/en\/wp-json\/wp\/v2\/posts\/3842","targetHints":{"allow":["GET"]}}],"collection":[{"href":"https:\/\/aa29.it\/en\/wp-json\/wp\/v2\/posts"}],"about":[{"href":"https:\/\/aa29.it\/en\/wp-json\/wp\/v2\/types\/post"}],"author":[{"embeddable":true,"href":"https:\/\/aa29.it\/en\/wp-json\/wp\/v2\/users\/10"}],"replies":[{"embeddable":true,"href":"https:\/\/aa29.it\/en\/wp-json\/wp\/v2\/comments?post=3842"}],"version-history":[{"count":7,"href":"https:\/\/aa29.it\/en\/wp-json\/wp\/v2\/posts\/3842\/revisions"}],"predecessor-version":[{"id":3858,"href":"https:\/\/aa29.it\/en\/wp-json\/wp\/v2\/posts\/3842\/revisions\/3858"}],"wp:featuredmedia":[{"embeddable":true,"href":"https:\/\/aa29.it\/en\/wp-json\/wp\/v2\/media\/6332"}],"wp:attachment":[{"href":"https:\/\/aa29.it\/en\/wp-json\/wp\/v2\/media?parent=3842"}],"wp:term":[{"taxonomy":"category","embeddable":true,"href":"https:\/\/aa29.it\/en\/wp-json\/wp\/v2\/categories?post=3842"},{"taxonomy":"post_tag","embeddable":true,"href":"https:\/\/aa29.it\/en\/wp-json\/wp\/v2\/tags?post=3842"}],"curies":[{"name":"wp","href":"https:\/\/api.w.org\/{rel}","templated":true}]}}